{"data":[{"text_id":"dynamische_frontend_validatoren.landing.dienststelle_leistung_ung\u00fcltig","text_value":"Die ausgew\u00e4hlte Dienststelle bietet die ausgew\u00e4hlte Dienstleistung online nicht an."},{"text_id":"dynamische_frontend_validatoren.landing.dienststelle_nicht_ausgew\u00e4hlt","text_value":"Bitte w\u00e4hlen Sie eine Dienststelle aus."},{"text_id":"dynamische_frontend_validatoren.landing.dienstleistung_nicht_ausgew\u00e4hlt","text_value":"Bitte w\u00e4hlen Sie eine Dienstleistung aus."},{"text_id":"dynamische_frontend_validatoren.verteilmechanismus_name.beginn_buchstabe","text_value":"Namen m\u00fcssen mit einem Buchstaben beginnen."},{"text_id":"dynamische_frontend_validatoren.verteilmechanismus_name.nicht_leer","text_value":"Dieser Wert darf nicht leer sein."},{"text_id":"dynamische_frontend_validatoren.verteilmechanismus_aktenzeichen.laufende_nummer_max_zeichen","text_value":"Diese Zeichenkette ist zu lang. Sie sollte h\u00f6chstens 10 Zeichen haben."},{"text_id":"dynamische_frontend_validatoren.verteilmechanismus_aktenzeichen.nicht_leer","text_value":"Dieser Wert darf nicht leer sein."},{"text_id":"dynamische_frontend_validatoren.pers\u00f6nliche_daten.telefon_ung\u00fcltige_symbole","text_value":"Bitte verwenden Sie nur folgende Symbole: \u0022\/+- 01234567890\u0022."},{"text_id":"dynamische_frontend_validatoren.pers\u00f6nliche_daten.telefon_nicht_leer","text_value":"Bitte geben Sie eine g\u00fcltige Telefonnummer ein."},{"text_id":"dynamische_frontend_validatoren.pers\u00f6nliche_daten.textbereich_nicht_leer","text_value":"Dieser Wert darf nicht leer sein."},{"text_id":"dynamische_frontend_validatoren.pers\u00f6nliche_daten.email_nicht_leer","text_value":"Dieser Wert darf nicht leer sein."},{"text_id":"dynamische_frontend_validatoren.pers\u00f6nliche_daten.auswahl_nicht_leer","text_value":"Dieser Wert darf nicht leer sein."},{"text_id":"dynamische_frontend_validatoren.pers\u00f6nliche_daten.checkbox_nicht_leer","text_value":"Dieser Wert darf nicht leer sein."},{"text_id":"dynamische_frontend_validatoren.pers\u00f6nliche_daten.numerisches_feld_nicht_leer","text_value":"Dieser Wert darf nicht leer sein."},{"text_id":"dynamische_frontend_validatoren.pers\u00f6nliche_daten.numerische_liste_nicht_leer","text_value":"Dieser Wert darf nicht leer sein."},{"text_id":"dynamische_frontend_validatoren.pers\u00f6nliche_daten.datum_nicht_leer","text_value":"Dieser Wert darf nicht leer sein."},{"text_id":"dynamische_frontend_validatoren.pers\u00f6nliche_daten.datei_upload_nicht_leer","text_value":"Dieser Wert darf nicht leer sein."},{"text_id":"dynamische_frontend_validatoren.pers\u00f6nliche_daten.text_nicht_leer","text_value":"Dieser Wert darf nicht leer sein."},{"text_id":"dynamische_frontend_validatoren.pers\u00f6nliche_daten.date_ung\u00fcltig","text_value":"Bitte gib ein g\u00fcltiges Datum im Format TT.MM.JJJJ ein."},{"text_id":"dynamische_frontend_validatoren.pers\u00f6nliche_daten.min_date","text_value":"Das Datum darf nicht fr\u00fcher als {{ compared_value }} gesetzt werden."},{"text_id":"dynamische_frontend_validatoren.pers\u00f6nliche_daten.max_date","text_value":"Das Datum darf nicht sp\u00e4ter als {{ compared_value }} gesetzt werden."},{"text_id":"dynamische_frontend_validatoren.pers\u00f6nliche_daten.nicht_in_datums_bereich","text_value":"Das Datum sollte zwischen {{ min }} und {{ max }} sein."},{"text_id":"dynamische_frontend_validatoren.pers\u00f6nliche_daten.email_ung\u00fcltig","text_value":"Bitte geben Sie eine g\u00fcltige Email Adresse ein."},{"text_id":"dynamische_frontend_validatoren.pers\u00f6nliche_daten.datei_upload_max_file_size","text_value":"Die Datei {{ name }} is zu gro\u00df ({{ size }} {{ suffix }}). Die maximal zul\u00e4ssige Gr\u00f6\u00dfe betr\u00e4gt {{ limit }} {{ suffix }}."},{"text_id":"dynamische_frontend_validatoren.pers\u00f6nliche_daten.file_upload_empty_file","text_value":"Die Datei {{ name }} besitzt keinen Inhalt."},{"text_id":"dynamische_frontend_validatoren.pers\u00f6nliche_daten.datei_upload_ung\u00fcltiger_mime_typ","text_value":"Der Typ der Datei {{ name }} ist ung\u00fcltig. Folgende Dateitypen sind zul\u00e4ssig: {{ types }}."},{"text_id":"dynamische_frontend_validatoren.pers\u00f6nliche_daten.text_field_max_length","text_value":"Bitte verwenden Sie maximal {{ limit }} Zeichen f\u00fcr diesen Wert."},{"text_id":"dynamische_frontend_validatoren.pers\u00f6nliche_daten.text_area_max_length","text_value":"Bitte verwenden Sie maximal {{ limit }} Zeichen f\u00fcr diesen Wert."},{"text_id":"dynamische_frontend_validatoren.pers\u00f6nliche_daten.has_no_html","text_value":"Die Sonderzeichen \u0022\u003C\u003E\u0022 sind nicht gestattet."},{"text_id":"dynamische_frontend_validatoren.pers\u00f6nliche_daten.din_spec_91379","text_value":"Bitte geben Sie nur g\u00fcltige Zeichen ein."},{"text_id":"dynamische_frontend_validatoren.uebersicht.datenschutz","text_value":"Sie m\u00fcssen die Datenschutzbestimmungen akzeptieren."},{"text_id":"dynamische_frontend_validatoren.uebersicht.einverstaendniserklaerung","text_value":"Sie m\u00fcssen die Einverst\u00e4ndniserkl\u00e4rung akzeptieren."},{"text_id":"dynamische_frontend_validatoren.xliff.invalid_xml_format","text_value":"Ung\u00fcltiges XML-Format: {{ error_message }}"},{"text_id":"dynamische_frontend_texte.html.attribute_text.description","text_value":"Terminverwaltung"},{"text_id":"dynamische_frontend_texte.html.attribute_text.keywords","text_value":"OTB,Online-Terminbuchung"},{"text_id":"dynamische_frontend_texte.barrierefreiheit.page_content.leichte_sprache","text_value":"\u003Ch2\u003EInformationen in Leichter Sprache\u003C\/h2\u003E\u003Cp\u003EAuf dieser Seite finden Sie Informationen in leichter Sprache \u00fcber das Finanz-Ministerium Nordrhein-Westfalen. Die Abk\u00fcrzung f\u00fcr das Finanz-Ministerium Nordrhein-Westfalen ist FM NRW.\u003C\/p\u003E"},{"text_id":"dynamische_frontend_texte.barrierefreiheit.attribute_text.externe_url_aria_label","text_value":"Dieser Link wird in einen neuen Tab ge\u00f6ffnet."},{"text_id":"dynamische_frontend_texte.benachrichtigungen.waehle_leistung_zuerst","text_value":"Bitte w\u00e4hlen Sie zun\u00e4chst ihre Dienstleistung."},{"text_id":"dynamische_frontend_texte.benachrichtigungen.zuordnung_zuerst","text_value":"Bitte geben Sie zun\u00e4chst alle notwendigen Daten an."},{"text_id":"dynamische_frontend_texte.benachrichtigungen.anzahl_teilnehmer_zuerst","text_value":"Bitte geben Sie zun\u00e4chst die Anzahl der Teilnehmer an."},{"text_id":"dynamische_frontend_texte.benachrichtigungen.datum_und_uhrzeit_zuerst","text_value":"Bitte w\u00e4hlen Sie zun\u00e4chst Datum und Uhrzeit."},{"text_id":"dynamische_frontend_texte.benachrichtigungen.persoenliche_daten_zuerst","text_value":"Bitte geben Sie zun\u00e4chst alle pers\u00f6nlichen Daten an."},{"text_id":"dynamische_frontend_texte.benachrichtigungen.zusammenfassung_zuerst","text_value":"Bitte best\u00e4tigen Sie zun\u00e4chst die Zusammenfassung."},{"text_id":"dynamische_frontend_texte.benachrichtigungen.termin_bereits_vergeben","text_value":"Dieser Termin wurde zwischenzeitlich anderweitig vergeben."},{"text_id":"dynamische_frontend_texte.benachrichtigungen.zuordnungsstrategie_nicht_verfuegbar","text_value":"Diese Dienstleistung ist zur Zeit leider nicht verf\u00fcgbar."},{"text_id":"dynamische_frontend_texte.benachrichtigungen.anmeldung_openid_connect","text_value":"Anmeldung \u00fcber OpenID Connect"},{"text_id":"dynamische_frontend_texte.header.html_content.top_ueberschrift","text_value":"Online-Terminbuchung"},{"text_id":"dynamische_frontend_texte.header.html_content.ueberschrift","text_value":"Online\u2013Terminbuchung"},{"text_id":"dynamische_frontend_texte.header.html_content.sub_ueberschrift","text_value":"Ihre Online-Terminbuchung"},{"text_id":"dynamische_frontend_texte.header.html_content.kontakt","text_value":"Direkt Service Nummer"},{"text_id":"dynamische_frontend_texte.header.html_content.tel-international","text_value":"+Musternummer"},{"text_id":"dynamische_frontend_texte.header.html_content.tel-visible","text_value":"Musternummer"},{"text_id":"dynamische_frontend_texte.header.html_content.email","text_value":"muster@email.de"},{"text_id":"dynamische_frontend_texte.header.attribute_text.page_title","text_value":"Online\u2013Terminbuchung"},{"text_id":"dynamische_frontend_texte.header.attribute_text.tel-international","text_value":"+Musternummer"},{"text_id":"dynamische_frontend_texte.header.attribute_text.tel-visible","text_value":"Musternummer"},{"text_id":"dynamische_frontend_texte.header.attribute_text.email","text_value":"muster@email.de"},{"text_id":"dynamische_frontend_texte.header.attribute_text.page_reload","text_value":"Zur\u00fcck zur Online-Terminbuchung"},{"text_id":"dynamische_frontend_texte.landing.html_content.ueberschrift","text_value":"Willkommen bei der Online-Terminbuchung. Sie k\u00f6nnen jetzt Ihren Termin online buchen."},{"text_id":"dynamische_frontend_texte.landing.html_content.fortschritt","text_value":"Schritt"},{"text_id":"dynamische_frontend_texte.landing.html_content.einfuehrung","text_value":"F\u00fcr welche Dienstleistung m\u00f6chten Sie einen Termin buchen?"},{"text_id":"dynamische_frontend_texte.landing.html_content.label_dropdown_dienststelle","text_value":"Bitte w\u00e4hlen Sie Ihre \u003Cstrong\u003EDienststelle\u003C\/strong\u003E"},{"text_id":"dynamische_frontend_texte.landing.html_content.label_dropdown_leistung","text_value":"Bitte w\u00e4hlen Sie eine \u003Cstrong\u003EDienstleistung\u003C\/strong\u003E"},{"text_id":"dynamische_frontend_texte.landing.html_content.zusaetzliche_informationen","text_value":"Zus\u00e4tzliche Informationen zu Ihrer gew\u00e4hlten Dienstleistung"},{"text_id":"dynamische_frontend_texte.landing.html_content.url","text_value":"URL:"},{"text_id":"dynamische_frontend_texte.landing.html_content.unbekannte_dienststelle","text_value":"Die Dienststelle konnte nicht gefunden werden."},{"text_id":"dynamische_frontend_texte.landing.html_content.unbekannte_leistung","text_value":"Die Dienstleistung konnte nicht gefunden werden."},{"text_id":"dynamische_frontend_texte.landing.attribute_text.label_leer_dienststelle","text_value":"Dienststelle w\u00e4hlen"},{"text_id":"dynamische_frontend_texte.landing.attribute_text.label_leer_leistung","text_value":"Dienstleistung w\u00e4hlen"},{"text_id":"dynamische_frontend_texte.landing.attribute_text.tab_text","text_value":"Dienstleistung w\u00e4hlen"},{"text_id":"dynamische_frontend_texte.landing.attribute_text.url","text_value":"URL:"},{"text_id":"dynamische_frontend_texte.landing.attribute_text.fortschritt","text_value":"Schritt"},{"text_id":"dynamische_frontend_texte.terminart.breadcrumb_text","text_value":"Beratungsart"},{"text_id":"dynamische_frontend_texte.terminart.label","text_value":"Bitte w\u00e4hlen Sie die Beratungsart"},{"text_id":"dynamische_frontend_texte.terminart.ueberschrift","text_value":"Beratungsart"},{"text_id":"dynamische_frontend_texte.terminart.zusammenfassung","text_value":"Terminart:"},{"text_id":"dynamische_frontend_texte.terminart.online","text_value":"Online"},{"text_id":"dynamische_frontend_texte.terminart.offline","text_value":"Vor Ort"},{"text_id":"dynamische_frontend_texte.datum_auswahl.html_content.fortschritt","text_value":"Schritt"},{"text_id":"dynamische_frontend_texte.datum_auswahl.html_content.ueberschrift","text_value":"Bitte w\u00e4hlen Sie ein Datum aus und entscheiden sich f\u00fcr einen freien Termin zu Ihrer Wunschuhrzeit."},{"text_id":"dynamische_frontend_texte.datum_auswahl.html_content.ueberschrift_keine_termine","text_value":"Leider stehen in den kommenden Wochen f\u00fcr die ausgew\u00e4hlte Dienstleistung keine Termine mehr zur Verf\u00fcgung."},{"text_id":"dynamische_frontend_texte.datum_auswahl.html_content.naechste_freie_termine","text_value":"Neue Termine werden ab dem %date% um %time% Uhr zur Verf\u00fcgung gestellt. \u003Cbr \/\u003E Des Weiteren k\u00f6nnen auch kurzfristig Termine frei werden, sofern diese anderweitig storniert wurden."},{"text_id":"dynamische_frontend_texte.datum_auswahl.html_content.label_kalendar","text_value":"Bitte w\u00e4hlen Sie Ihr Wunschdatum"},{"text_id":"dynamische_frontend_texte.datum_auswahl.html_content.suche_fuer_bestimmte_zeit","text_value":"Sie m\u00f6chten lieber anhand einer bestimmten Uhrzeit suchen?"},{"text_id":"dynamische_frontend_texte.datum_auswahl.html_content.suche_fuer_bestimmtes_datum","text_value":"Sie m\u00f6chten lieber anhand eines bestimmten Datums suchen?"},{"text_id":"dynamische_frontend_texte.datum_auswahl.html_content.label_zeit_auswahl","text_value":"Bitte w\u00e4hlen Sie Ihre Wunschuhrzeit:"},{"text_id":"dynamische_frontend_texte.datum_auswahl.html_content.position_info","text_value":"Fokus auf erster Zeit."},{"text_id":"dynamische_frontend_texte.datum_auswahl.html_content.tab_text","text_value":"Datum ausw\u00e4hlen"},{"text_id":"dynamische_frontend_texte.datum_auswahl.html_content.breadcrumb_text","text_value":"Datum ausw\u00e4hlen"},{"text_id":"dynamische_frontend_texte.datum_auswahl.html_content.farbenblinde_label","text_value":"Symbole und Legende"},{"text_id":"dynamische_frontend_texte.datum_auswahl.html_content.legende_ueberschrift","text_value":"Zur Erl\u00e4uterung"},{"text_id":"dynamische_frontend_texte.datum_auswahl.html_content.legende_freie_termine","text_value":"Freie Termine an diesem Tag"},{"text_id":"dynamische_frontend_texte.datum_auswahl.html_content.legende_gewaehlter_tag","text_value":"Ihr ausgew\u00e4hlter Tag"},{"text_id":"dynamische_frontend_texte.datum_auswahl.html_content.legende_alle_vergeben","text_value":"Alle Termine an diesem Tag sind vergeben"},{"text_id":"dynamische_frontend_texte.datum_auswahl.html_content.legende_keine_moeglich","text_value":"Keine Termine an diesem Tag m\u00f6glich"},{"text_id":"dynamische_frontend_texte.datum_auswahl.html_content.sitzung_abgelaufen","text_value":"Ihre Sitzung scheint abgelaufen zu sein. Bitte starten Sie die Terminsuche \u003Ca href=\u0022%url%\u0022 title=\u0022Anfang der Terminbuchung\u0022\u003Ehier\u003C\/a\u003E erneut"},{"text_id":"dynamische_frontend_texte.datum_auswahl.html_content.ungueltig","text_value":"Bitte w\u00e4hlen Sie ein g\u00fcltiges Datum oder starten Sie die Terminsuche \u003Ca href=\u0022%url%\u0022 title=\u0022Anfang der Terminbuchung\u0022\u003Ehier\u003C\/a\u003E erneut"},{"text_id":"dynamische_frontend_texte.datum_auswahl.html_content.auswahl","text_value":"Sie haben \u003Cstrong\u003E%weekday% den %date%\u003C\/strong\u003E ausgew\u00e4hlt."},{"text_id":"dynamische_frontend_texte.datum_auswahl.html_content.zeit_auswahl_eintrag","text_value":"%timeSlot% Uhr"},{"text_id":"dynamische_frontend_texte.datum_auswahl.attribute_text.suche_fuer_bestimmte_zeit","text_value":"Sie m\u00f6chten lieber anhand einer bestimmten Uhrzeit suchen?"},{"text_id":"dynamische_frontend_texte.datum_auswahl.attribute_text.suche_fuer_bestimmtes_datum","text_value":"Sie m\u00f6chten lieber anhand eines bestimmten Datums suchen?"},{"text_id":"dynamische_frontend_texte.datum_auswahl.attribute_text.farbenblinde_label","text_value":"Symbole und Legende"},{"text_id":"dynamische_frontend_texte.datum_auswahl.attribute_text.zeit_auswahl_eintrag_title","text_value":"%timeSlot% Uhr"},{"text_id":"dynamische_frontend_texte.zeit_auswahl.html_content.fortschritt","text_value":"Schritt"},{"text_id":"dynamische_frontend_texte.zeit_auswahl.html_content.breadcrumb_text","text_value":"Zeit w\u00e4hlen"},{"text_id":"dynamische_frontend_texte.zeit_auswahl.html_content.ueberschrift","text_value":"Bitte w\u00e4hlen Sie eine Uhrzeit aus und entscheiden sich f\u00fcr Ihr Wunschdatum."},{"text_id":"dynamische_frontend_texte.zeit_auswahl.html_content.label_uhrzeit","text_value":"Bitte w\u00e4hlen Sie Ihre Wunschuhrzeit:"},{"text_id":"dynamische_frontend_texte.zeit_auswahl.html_content.sitzung_abgelaufen","text_value":"Ihre Sitzung scheint abgelaufen zu sein. Bitte starten Sie die Terminsuche \u003Ca href=\u0022%url%\u0022 title=\u0022link zum Beginn der Termin Buchung\u0022\u003Ehier\u003C\/a\u003E erneut"},{"text_id":"dynamische_frontend_texte.zeit_auswahl.html_content.ungueltig","text_value":"Bitte w\u00e4hlen Sie eine g\u00fcltige Zeit oder starten Sie die Terminsuche \u003Ca href=\u0022%url%\u0022 title=\u0022link zum Beginn der Termin Buchung\u0022\u003Ehier\u003C\/a\u003E erneut"},{"text_id":"dynamische_frontend_texte.zeit_auswahl.html_content.auswahl","text_value":"Sie haben \u003Cstrong\u003E%time% Uhr\u003C\/strong\u003E ausgew\u00e4hlt.\u003Cbr\/\u003E Bitte w\u00e4hlen Sie Ihr Wunschdatum:"},{"text_id":"dynamische_frontend_texte.zeit_auswahl.html_content.zeit_auswahl_eintrag","text_value":"%timeSlot% Uhr"},{"text_id":"dynamische_frontend_texte.zeit_auswahl.html_content.filter_nach_dienststelle","text_value":"Sie m\u00f6chten lieber anhand Ihrer Dienststelle einen freien Termin buchen?"},{"text_id":"dynamische_frontend_texte.zeit_auswahl.html_content.auswahl_leer","text_value":"F\u00fcr diese Dienststelle werden keine Termine angeboten."},{"text_id":"dynamische_frontend_texte.zeit_auswahl.html_content.wunschtermin","text_value":"Ihr Wunschtermin:"},{"text_id":"dynamische_frontend_texte.zeit_auswahl.attribute_text.tab_text","text_value":"Zeit w\u00e4hlen"},{"text_id":"dynamische_frontend_texte.zeit_auswahl.attribute_text.zeit_auswahl_eintrag_title","text_value":"%timeSlot% Uhr"},{"text_id":"dynamische_frontend_texte.persoenliche_daten.html_content.fortschritt","text_value":"Schritt"},{"text_id":"dynamische_frontend_texte.persoenliche_daten.html_content.einfuehrung","text_value":"Bitte machen Sie pers\u00f6nliche Angaben zum Termin"},{"text_id":"dynamische_frontend_texte.persoenliche_daten.html_content.participants","text_value":"Weitere teilnehmende Person"},{"text_id":"dynamische_frontend_texte.persoenliche_daten.html_content.search","text_value":"Suchen"},{"text_id":"dynamische_frontend_texte.persoenliche_daten.html_content.file_is_not_chosen","text_value":"Bisher wurde keine Datei hochgeladen."},{"text_id":"dynamische_frontend_texte.persoenliche_daten.html_content.error_description","text_value":"Dieses Feld enth\u00e4lt einen Fehler. Bitte korrigieren Sie Ihre Eingabe."},{"text_id":"dynamische_frontend_texte.persoenliche_daten.html_content.hinweis","text_value":"Um Ihre Privatsph\u00e4re zu verbessern, empfehlen wir Ihnen nicht Ihren tats\u00e4chlichen Namen zu verwenden, sondern beispielsweise Ihre Initialen. Beachten Sie jedoch, dass f\u00fcr den Versand einer Terminbest\u00e4tigung eine funktionsf\u00e4hige E-Mail-Adresse angegeben werden muss, die jedoch ebenfalls keine Identifikationsmerkmale oder Namenbestandteile enthalten muss. Die Terminbest\u00e4tigung enth\u00e4lt einen Link, durch welchen Sie den Termin \u2013 falls notwendig \u2013 absagen k\u00f6nnen."},{"text_id":"dynamische_frontend_texte.persoenliche_daten.attribute_text.platzhalter_dropdown","text_value":"Bitte w\u00e4hlen"},{"text_id":"dynamische_frontend_texte.persoenliche_daten.attribute_text.tab_text","text_value":"Pers\u00f6nliche Daten"},{"text_id":"dynamische_frontend_texte.persoenliche_daten.attribute_text.participants_button_title","text_value":"Weitere teilnehmende Person"},{"text_id":"dynamische_frontend_texte.uebersicht.html_content.fortschritt","text_value":"Schritt"},{"text_id":"dynamische_frontend_texte.uebersicht.html_content.einfuehrung","text_value":"Terminanfrage"},{"text_id":"dynamische_frontend_texte.uebersicht.html_content.ueberschrift_termin","text_value":"Dienststelle \u0026 Dienstleistung"},{"text_id":"dynamische_frontend_texte.uebersicht.html_content.ueberschrift_datum","text_value":"Termin\u00fcbersicht"},{"text_id":"dynamische_frontend_texte.uebersicht.html_content.ueberschrift_buerger_daten","text_value":"Pers\u00f6nliche Daten"},{"text_id":"dynamische_frontend_texte.uebersicht.html_content.ueberschrift_datenschutz","text_value":"Hinweis zum Datenschutz"},{"text_id":"dynamische_frontend_texte.uebersicht.html_content.button_text","text_value":"Termin vereinbaren"},{"text_id":"dynamische_frontend_texte.uebersicht.html_content.datenschutz","text_value":"Ich willige hiermit ein (Art. 6 Abs. 1 lit. a DSGVO), dass meine mit dem obigen Online-Formular \u00fcbermittelten pers\u00f6nlichen Daten gespeichert und verarbeitet werden d\u00fcrfen. Ich versichere, dass ich \u00fcber 16 Jahre alt bin bzw. die Zustimmung der \/ des Sorgeberechtigten zur Nutzung des obigen Online-Formulars und Weitergabe der Daten vorliegt. Die \u003Ca target=\u0027_blank\u0027 href=\u0027https:\/\/www.justiz.nrw\/Service\/datenschutz\/index.php\u0027 tabindex=\u00277\u0027 title=\u0027Datenschutz-Hinweise\u0027\u003EDatenschutz-Hinweise\u003C\/a\u003E habe ich gelesen. Das Recht des Widerrufs ist mir bekannt."},{"text_id":"dynamische_frontend_texte.uebersicht.html_content.datenschutz_hinweistext","text_value":"Ihre Daten werden f\u00fcr Ihre Online-Terminbuchung gem\u00e4\u00df dieser Datenschutzerkl\u00e4rung verarbeitet."},{"text_id":"dynamische_frontend_texte.uebersicht.html_content.ueberschrift_einverstaendniserklaerung","text_value":"Hinweis zur Einverst\u00e4ndniserkl\u00e4rung"},{"text_id":"dynamische_frontend_texte.uebersicht.html_content.einverstaendniserklaerung","text_value":"Ich habe verstanden, dass ich eine E-Mail an die E-Mail-Adresse: %B\u00fcrger-E-Mail% bekomme, mit der ich meine Terminanfrage innerhalb von 24 Stunden best\u00e4tigen muss."},{"text_id":"dynamische_frontend_texte.uebersicht.html_content.ueberschrift_sub_form","text_value":"Weitere teilnehmende Person"},{"text_id":"dynamische_frontend_texte.uebersicht.html_content.dienststelle","text_value":"%dienststelle%"},{"text_id":"dynamische_frontend_texte.uebersicht.html_content.dienstleistung","text_value":"%dienstleistung%"},{"text_id":"dynamische_frontend_texte.uebersicht.html_content.datum","text_value":"%datum%"},{"text_id":"dynamische_frontend_texte.uebersicht.html_content.uhrzeit","text_value":"%uhrzeit% Uhr"},{"text_id":"dynamische_frontend_texte.uebersicht.html_content.persoenliche_daten_label","text_value":"%label%"},{"text_id":"dynamische_frontend_texte.uebersicht.html_content.persoenliche_daten_eintrag_checkbox","text_value":"%checkbox%"},{"text_id":"dynamische_frontend_texte.uebersicht.html_content.persoenliche_daten_eintrag_dateiname","text_value":"%dateiname%"},{"text_id":"dynamische_frontend_texte.uebersicht.html_content.persoenliche_daten_eintrag_text","text_value":"%text%"},{"text_id":"dynamische_frontend_texte.uebersicht.html_content.persoenliche_daten_eintrag_datum","text_value":"%datum%"},{"text_id":"dynamische_frontend_texte.uebersicht.html_content.teilnehmer_anzahl","text_value":"%teilnehmende_person%: %nummer%"},{"text_id":"dynamische_frontend_texte.uebersicht.attribute_text.button_text","text_value":"Termin vereinbaren"},{"text_id":"dynamische_frontend_texte.uebersicht.attribute_text.tab_text","text_value":"Zusammenfassung"},{"text_id":"dynamische_frontend_texte.uebersicht.attribute_text.datenschutz","text_value":"Ich willige hiermit ein (Art. 6 Abs. 1 lit. a DSGVO), dass meine mit dem obigen Online-Formular \u00fcbermittelten pers\u00f6nlichen Daten gespeichert und verarbeitet werden d\u00fcrfen. Ich versichere, dass ich \u00fcber 16 Jahre alt bin bzw. die Zustimmung der \/ des Sorgeberechtigten zur Nutzung des obigen Online-Formulars und Weitergabe der Daten vorliegt. Die \u003Ca target=\u0027_blank\u0027 href=\u0027https:\/\/www.justiz.nrw\/Service\/datenschutz\/index.php\u0027 tabindex=\u00277\u0027 title=\u0027Datenschutz-Hinweise\u0027\u003EDatenschutz-Hinweise\u003C\/a\u003E habe ich gelesen. Das Recht des Widerrufs ist mir bekannt."},{"text_id":"dynamische_frontend_texte.uebersicht.attribute_text.einverstaendniserklaerung","text_value":"Ich habe verstanden, dass ich eine E-Mail an die E-Mail-Adresse: %B\u00fcrger-E-Mail% bekomme, mit der ich meine Terminanfrage innerhalb von 24 Stunden best\u00e4tigen muss."},{"text_id":"dynamische_frontend_texte.uebersicht.attribute_text.persoenliche_daten_eintrag_dateiname_title","text_value":"%title%"},{"text_id":"dynamische_frontend_texte.verteilmechanismen.html_content.name_fortschritt","text_value":"Schritt"},{"text_id":"dynamische_frontend_texte.verteilmechanismen.html_content.name_breadcrumb_text","text_value":"Zust\u00e4ndigkeit"},{"text_id":"dynamische_frontend_texte.verteilmechanismen.html_content.name_addition_label","text_value":"Namenszusatz"},{"text_id":"dynamische_frontend_texte.verteilmechanismen.html_content.liste_fortschritt","text_value":"Schritt"},{"text_id":"dynamische_frontend_texte.verteilmechanismen.html_content.liste_breadcrumb_text","text_value":"Zust\u00e4ndigkeit"},{"text_id":"dynamische_frontend_texte.verteilmechanismen.html_content.liste_\u00fcberschrift","text_value":"Auswahl"},{"text_id":"dynamische_frontend_texte.verteilmechanismen.html_content.aktenzeichen_fortschritt","text_value":"Schritt"},{"text_id":"dynamische_frontend_texte.verteilmechanismen.html_content.aktenzeichen_breadcrumb_text","text_value":"Zust\u00e4ndigkeit"},{"text_id":"dynamische_frontend_texte.verteilmechanismen.html_content.aktenzeichen_label_department_number","text_value":"Abteilungsnummer"},{"text_id":"dynamische_frontend_texte.verteilmechanismen.html_content.aktenzeichen_label_registration_marks","text_value":"Registerzeichen"},{"text_id":"dynamische_frontend_texte.verteilmechanismen.html_content.aktenzeichen_label_file_number","text_value":"Laufende Nummer"},{"text_id":"dynamische_frontend_texte.verteilmechanismen.html_content.aktenzeichen_label_years","text_value":"Jahresangabe"},{"text_id":"dynamische_frontend_texte.verteilmechanismen.html_content.aktenzeichen_label_addition","text_value":"Zusatz"},{"text_id":"dynamische_frontend_texte.verteilmechanismen.attribute_text.liste_platzhalter","text_value":"Bitte w\u00e4hlen"},{"text_id":"dynamische_frontend_texte.verteilmechanismen.attribute_text.tab_text","text_value":"Zust\u00e4ndigkeit"},{"text_id":"dynamische_frontend_texte.anzahl_teilnehmer.html_content.ueberschrift","text_value":"Anzahl Teilnehmer\/in"},{"text_id":"dynamische_frontend_texte.anzahl_teilnehmer.html_content.hinweis_ueberschrift","text_value":"Hinweis"},{"text_id":"dynamische_frontend_texte.anzahl_teilnehmer.html_content.fortschritt","text_value":"Schritt"},{"text_id":"dynamische_frontend_texte.anzahl_teilnehmer.html_content.breadcrumb_text","text_value":"Anzahl Teilnehmer\/in"},{"text_id":"dynamische_frontend_texte.anzahl_teilnehmer.attribute_text.breadcrumb_text","text_value":"Anzahl Teilnehmer\/in"},{"text_id":"dynamische_frontend_texte.anzahl_teilnehmer.attribute_text.tab_text","text_value":"Anzahl Teilnehmer\/in"},{"text_id":"dynamische_frontend_texte.danke.html_content.ueberschrift","text_value":"Vielen Dank f\u00fcr Ihre Terminanfrage!"},{"text_id":"dynamische_frontend_texte.danke.html_content.line1","text_value":"Sie erhalten in K\u00fcrze eine E-Mail, in der Sie Ihren Termin noch best\u00e4tigen m\u00fcssen."},{"text_id":"dynamische_frontend_texte.danke.html_content.line2","text_value":"Hinweis: Der Termin wird nur f\u00fcr Sie gebucht, wenn Sie den Termin in der E-Mail best\u00e4tigt haben."},{"text_id":"dynamische_frontend_texte.danke.attribute_text.tab_text","text_value":"Vielen Dank"},{"text_id":"dynamische_frontend_texte.bestaetigung.html_content.ueberschrift_erfolgreich","text_value":"Best\u00e4tigung"},{"text_id":"dynamische_frontend_texte.bestaetigung.html_content.ueberschrift_nicht_erfolgreich","text_value":"Best\u00e4tigung nicht m\u00f6glich"},{"text_id":"dynamische_frontend_texte.bestaetigung.html_content.text_erfolgreich","text_value":"Sie haben Ihren Termin erfolgreich best\u00e4tigt."},{"text_id":"dynamische_frontend_texte.bestaetigung.html_content.text_nicht_erfolgreich","text_value":"Der Termin ist nicht vorhanden oder abgelaufen."},{"text_id":"dynamische_frontend_texte.bestaetigung.html_content.body_bereits_bestaetigt","text_value":"Der Termin wurde bereits best\u00e4tigt."},{"text_id":"dynamische_frontend_texte.bestaetigung.html_content.button_text","text_value":"Termin Best\u00e4tigen"},{"text_id":"dynamische_frontend_texte.bestaetigung.attribute_text.tab_text","text_value":"Best\u00e4tigung"},{"text_id":"dynamische_frontend_texte.cookies.hinweis","text_value":"Diese Seite verwendet Cookies, um f\u00fcr Sie die Benutzerfreundlichkeit der Webseite zu verbessern. Wie Sie die Verwendung von Cookies unterbinden k\u00f6nnen, erfahren Sie in den \u003Ca href=\u0022#\u0022\u003EDatenschutzhinweisen\u003C\/a\u003E"},{"text_id":"dynamische_frontend_texte.cookies.akzeptieren","text_value":"Wenn Sie diese Webseite weiter nutzen, erkl\u00e4ren Sie sich damit einverstanden."},{"text_id":"dynamische_frontend_texte.cookies.akzeptieren_button","text_value":"Akzeptieren"},{"text_id":"dynamische_frontend_texte.stornierung.html_content.ueberschrift","text_value":"Stornierung"},{"text_id":"dynamische_frontend_texte.stornierung.html_content.text_erfolgreich","text_value":"Sie haben Ihren Termin erfolgreich storniert. Sie erhalten in K\u00fcrze eine Best\u00e4tigungsmail."},{"text_id":"dynamische_frontend_texte.stornierung.html_content.text_nicht_erfolgreich","text_value":"Der Termin ist nicht vorhanden."},{"text_id":"dynamische_frontend_texte.stornierung.html_content.button_text","text_value":"Termin stornieren"},{"text_id":"dynamische_frontend_texte.stornierung.html_content.text_einleitung","text_value":"Bitte best\u00e4tigen Sie, dass Sie den folgenden Termin stornieren m\u00f6chten"},{"text_id":"dynamische_frontend_texte.stornierung.html_content.dienststelle_uebersicht","text_value":"Dienststelle: %dienststelle%"},{"text_id":"dynamische_frontend_texte.stornierung.html_content.dienstleistung_uebersicht","text_value":"Dienstleistung: %dienstleistung%"},{"text_id":"dynamische_frontend_texte.stornierung.html_content.datum_uebersicht","text_value":"Termin: %datum%, %uhrzeit%"},{"text_id":"dynamische_frontend_texte.stornierung.html_content.termin_detail","text_value":"%eintrag_schluessel%: %eintrag_wert%"},{"text_id":"dynamische_frontend_texte.stornierung.attribute_text.tab_text","text_value":"Stornierung"},{"text_id":"dynamische_frontend_texte.email_termin_erstellt.teilnehmende_person","text_value":"Teilnehmende Person"},{"text_id":"dynamische_frontend_texte.email_termin_best\u00e4tigt.html_content.teilnehmende_person","text_value":"Teilnehmende Person"},{"text_id":"dynamische_frontend_texte.email_termin_best\u00e4tigt.attribute_text.title","text_value":"Best\u00e4tigungsmail Online-Terminbuchung"},{"text_id":"dynamische_frontend_texte.email_termin_erinnerung.teilnehmende_person","text_value":"Teilnehmende Person"},{"text_id":"dynamische_frontend_texte.email_termin_storniert.teilnehmende_person","text_value":"Teilnehmende Person"},{"text_id":"dynamische_frontend_texte.email.html_content.footer","text_value":"Online-Terminbuchung"},{"text_id":"dynamische_frontend_texte.email.html_content.signature","text_value":"Justiztermine"},{"text_id":"dynamische_frontend_texte.email.html_content.persoenliche_daten_ueberschrift","text_value":"Diese relevanten Daten zum Termin haben wir gespeichert"},{"text_id":"dynamische_frontend_texte.email.attribute_text.logo_alt","text_value":"Logo der Online-Terminbuchung"},{"text_id":"dynamische_frontend_texte.footer.html_content.impressum","text_value":"Impressum"},{"text_id":"dynamische_frontend_texte.footer.html_content.datenschutz","text_value":"Datenschutzerkl\u00e4rung"},{"text_id":"dynamische_frontend_texte.footer.html_content.barrierefreiheit","text_value":"Barrierefreiheit"},{"text_id":"dynamische_frontend_texte.footer.html_content.sitemap","text_value":"Sitemap"},{"text_id":"dynamische_frontend_texte.footer.html_content.copyright","text_value":"\u00a9 2025 publicplan"},{"text_id":"dynamische_frontend_texte.footer.attribute_text.impressum_link","text_value":"#"},{"text_id":"dynamische_frontend_texte.footer.attribute_text.datenschutz_link","text_value":"#"},{"text_id":"dynamische_frontend_texte.footer.attribute_text.barrierefreiheit","text_value":"#"},{"text_id":"dynamische_frontend_texte.footer.attribute_text.sitemap_link","text_value":"#"},{"text_id":"dynamische_frontend_texte.breadcrumb.html_content.dienststelle","text_value":"%dienststelle%"},{"text_id":"dynamische_frontend_texte.breadcrumb.html_content.dienstleistung","text_value":"%dienstleistung%"},{"text_id":"dynamische_frontend_texte.breadcrumb.html_content.verteilmechanismus","text_value":"%verteilmechanismus%"},{"text_id":"dynamische_frontend_texte.breadcrumb.html_content.persoenliche_daten","text_value":"Pers\u00f6nliche Daten"},{"text_id":"dynamische_frontend_texte.breadcrumb.html_content.termin_auswahl","text_value":"%datum% %uhrzeit%"},{"text_id":"dynamische_frontend_texte.breadcrumb.html_content.zusammenfassung","text_value":"Terminanfrage"},{"text_id":"dynamische_frontend_texte.breadcrumb.attribute_text.dienststelle_title","text_value":"%dienststelle%"},{"text_id":"dynamische_frontend_texte.breadcrumb.attribute_text.dienstleistung_title","text_value":"%dienstleistung%"},{"text_id":"dynamische_frontend_texte.breadcrumb.attribute_text.verteilmechanismus_title","text_value":"%verteilmechanismus%"},{"text_id":"dynamische_frontend_texte.breadcrumb.attribute_text.persoenliche_daten_title","text_value":"Pers\u00f6nliche Daten"},{"text_id":"dynamische_frontend_texte.breadcrumb.attribute_text.termin_auswahl_title","text_value":"%datum% %uhrzeit%"},{"text_id":"dynamische_frontend_texte.aufrufsystem.ueberschrift","text_value":"\u003Cstrong\u003EFINANZVERWALTUNG\u003C\/strong\u003E\u003Cbr\u003Edes Landes Nordrhein-Westfalen"},{"text_id":"dynamische_frontend_texte.aufrufsystem.aufruf_hinweis","text_value":"Bitte beachten Sie Ihren Aufruf."},{"text_id":"dynamische_frontend_texte.aufrufsystem.tabelle_kopf_terminnummer","text_value":"Terminnummer"},{"text_id":"dynamische_frontend_texte.aufrufsystem.tabelle_kopf_raum","text_value":"Raum"},{"text_id":"dynamische_frontend_texte.aufrufsystem.text_to_speech","text_value":"Termin %identifier% bitte in Raum %room% ."},{"text_id":"dynamische_frontend_texte.calendar.weekdays_long.monday","text_value":"Montag"},{"text_id":"dynamische_frontend_texte.calendar.weekdays_long.tuesday","text_value":"Dienstag"},{"text_id":"dynamische_frontend_texte.calendar.weekdays_long.wednesday","text_value":"Mittwoch"},{"text_id":"dynamische_frontend_texte.calendar.weekdays_long.thursday","text_value":"Donnerstag"},{"text_id":"dynamische_frontend_texte.calendar.weekdays_long.friday","text_value":"Freitag"},{"text_id":"dynamische_frontend_texte.calendar.weekdays_long.saturday","text_value":"Samstag"},{"text_id":"dynamische_frontend_texte.calendar.weekdays_long.sunday","text_value":"Sonntag"},{"text_id":"dynamische_frontend_texte.calendar.weekdays_short.monday","text_value":"Mo"},{"text_id":"dynamische_frontend_texte.calendar.weekdays_short.tuesday","text_value":"Di"},{"text_id":"dynamische_frontend_texte.calendar.weekdays_short.wednesday","text_value":"Mi"},{"text_id":"dynamische_frontend_texte.calendar.weekdays_short.thursday","text_value":"Do"},{"text_id":"dynamische_frontend_texte.calendar.weekdays_short.friday","text_value":"Fr"},{"text_id":"dynamische_frontend_texte.calendar.weekdays_short.saturday","text_value":"Sa"},{"text_id":"dynamische_frontend_texte.calendar.weekdays_short.sunday","text_value":"So"},{"text_id":"dynamische_frontend_texte.calendar.months.january","text_value":"Januar"},{"text_id":"dynamische_frontend_texte.calendar.months.february","text_value":"Februar"},{"text_id":"dynamische_frontend_texte.calendar.months.march","text_value":"M\u00e4rz"},{"text_id":"dynamische_frontend_texte.calendar.months.april","text_value":"April"},{"text_id":"dynamische_frontend_texte.calendar.months.may","text_value":"Mai"},{"text_id":"dynamische_frontend_texte.calendar.months.june","text_value":"Juni"},{"text_id":"dynamische_frontend_texte.calendar.months.july","text_value":"Juli"},{"text_id":"dynamische_frontend_texte.calendar.months.august","text_value":"August"},{"text_id":"dynamische_frontend_texte.calendar.months.september","text_value":"September"},{"text_id":"dynamische_frontend_texte.calendar.months.october","text_value":"Oktober"},{"text_id":"dynamische_frontend_texte.calendar.months.november","text_value":"November"},{"text_id":"dynamische_frontend_texte.calendar.months.december","text_value":"Dezember"},{"text_id":"dynamische_frontend_texte.error_message.400","text_value":"Die Anfrage ist fehlerhaft. Bitte versuchen Sie es sp\u00e4ter erneut."},{"text_id":"dynamische_frontend_texte.error_message.400_appointment-already-confirmed-exception","text_value":"Der Termin wurde bereits best\u00e4tigt."},{"text_id":"dynamische_frontend_texte.error_message.401","text_value":"Sie sind nicht berechtigt, diese Aktion auszuf\u00fchren. Bitte versuchen Sie es sp\u00e4ter erneut."},{"text_id":"dynamische_frontend_texte.error_message.403","text_value":"Sie sind nicht berechtigt, diese Aktion auszuf\u00fchren. Bitte versuchen Sie es sp\u00e4ter erneut."},{"text_id":"dynamische_frontend_texte.error_message.404","text_value":"Eine angefragte Ressource konnte nicht gefunden werden. Bitte versuchen Sie es sp\u00e4ter erneut."},{"text_id":"dynamische_frontend_texte.error_message.500","text_value":"Es liegt ein Serverfehler vor. Bitte versuchen Sie es sp\u00e4ter erneut."},{"text_id":"dynamische_frontend_texte.error_message.503","text_value":"Der Server ist nicht erreichbar. Bitte versuchen Sie es sp\u00e4ter erneut."},{"text_id":"dynamische_frontend_texte.error_message.application_settings","text_value":"Die Online-Terminbuchung konnte nicht geladen werden. Bitte versuchen Sie es zu einem sp\u00e4teren Zeitpunkt erneut."},{"text_id":"dynamische_frontend_texte.lade_animation.kalender","text_value":"Kalender wird geladen..."},{"text_id":"dynamische_frontend_texte.lade_animation.zeiten","text_value":"Zeiten werden geladen..."},{"text_id":"dynamische_frontend_texte.lade_animation.termin","text_value":"Ihr Termin wird gebucht..."},{"text_id":"dynamische_frontend_texte.barrierefreiheit_erklaerung.text","text_value":"\u003Ch1\u003EErkl\u00e4rung zur Barrierefreiheit\u003C\/h1\u003E \u003Cp\u003EDie Finanzverwaltung des Landes Nordrhein-Westfalen hat den Anspruch, ihre Webauftritte barrierefrei zug\u00e4nglich zu machen. Internetseiten sollen so gestaltet sein, dass sie im Einklang mit den nationalen Rechtsvorschriften zur Umsetzung der Richtlinie (EU) 2016\/2102 des Europ\u00e4ischen Parlaments stehen.\u003C\/p\u003E \u003Cp\u003E\u00a0\u003C\/p\u003E \u003Cp\u003EDie folgende Erkl\u00e4rung zur Barrierefreiheit gilt f\u00fcr die Internetseite \u003Ca href=\u0022https:\/\/finanzamtstermine.nrw.de\/\u0022\u003Ehttps:\/\/finanzamtstermine.nrw.de\/\u003C\/a\u003E\u00a0und ihre Unterseiten.\u003C\/p\u003E \u003Ch2\u003EStand der Vereinbarkeit mit den Anforderungen zur barrierefreien Informationstechnik\u003C\/h2\u003E \u003Cp\u003EDie Internetseite\u00a0\u003Ca href=\u0022https:\/\/finanzamtstermine.nrw.de\/\u0022\u003Ehttps:\/\/finanzamtstermine.nrw.de\/\u003C\/a\u003E\u00a0ist mit den technischen Anforderungen gem\u00e4\u00df der Barrierefreie-Informationstechnik-Verordnung Nordrhein-Westfalen derzeit nicht vollst\u00e4ndig vereinbar.\u003C\/p\u003E \u003Cp\u003EDie Unvereinbarkeiten sind nachstehend aufgef\u00fchrt.\u003C\/p\u003E \u003Cp\u003ENicht barrierefreie Inhalte\u003C\/p\u003E \u003Cp\u003EDie nachstehend aufgef\u00fchrten Inhalte sind aus folgenden Gr\u00fcnden noch nicht barrierefrei: Wir arbeiten daran, die Zug\u00e4nglichkeit der Seite zu verbessern. Daf\u00fcr bitten wir jedoch um etwas Geduld, da teilweise in die Programmierung der Seite eingegriffen werden muss. Wir bem\u00fchen uns um eine schnellstm\u00f6gliche Behebung der noch bestehenden Barrieren.\u003C\/p\u003E \u003Cp\u003E\u00b7\u00a0\u00a0\u00a0\u00a0\u00a0 (Hier m\u00fcssen die noch vorhandenen Barrieren aufgef\u00fchrt werden und\/oder eine Auflistung der Abschnitte\/Inhalte\/Funktionen, die noch nicht vereinbar sind)\u003C\/p\u003E \u003Cp\u003EErstellung dieser Erkl\u00e4rung\u003C\/p\u003E \u003Cp\u003EDiese Erkl\u00e4rung wurde am 30. Mai 2023 erstellt.\u003C\/p\u003E \u003Cp\u003EDie Einsch\u00e4tzung basiert auf des im Dezember 2022 ausgef\u00fchrten BITV-Tests. (Hier muss die zur Erstellung der Erkl\u00e4rung verwendete Methode genannt werden)\u003C\/p\u003E \u003Cp\u003EDiese Erkl\u00e4rung wurde zuletzt am 30. Mai 2023 \u00fcberpr\u00fcft. (Muss in Zukunft immer auf das letzte \u00dcberpr\u00fcfungsdatum angepasst werden)\u003C\/p\u003E \u003Cp\u003E\u00a0\u003C\/p\u003E \u003Cp\u003E\u00a0\u003C\/p\u003E \u003Ch2\u003EFeedback und Kontakt\u003C\/h2\u003E \u003Cp\u003ESind Ihnen M\u00e4ngel beim barrierefreien Zugang zu Inhalten auf dieser Seite aufgefallen? Oder haben Sie Fragen zum Thema Barrierefreiheit? Dann k\u00f6nnen Sie sich gerne bei uns melden. Bitte benutzen Sie daf\u00fcr das vorgesehene Kontaktformular auf dieser Website: \u003Ca href=\u0022mailto:kontakt@test.test\u0022 data-mce-href=\u0022mailto:kontakt@test.test\u0022\u003Ekontakt@test.test\u003C\/a\u003E (Gesetzlich muss hier ein elektronisches Kontaktformular bzw. die Verlinkung zu einem elektronischen Kontaktformular zur Verf\u00fcgung gestellt werden [BITV NRW \u00a75 und BGG NRW \u00a710b Elektronisches Kontaktformular])\u003C\/p\u003E \u003Cp\u003E\u00a0\u003C\/p\u003E \u003Cp\u003ESie k\u00f6nnen uns auch unter folgenden Kontaktdaten erreichen:\u003C\/p\u003E \u003Cp\u003E(Hier k\u00f6nnen optional noch weitere Kontaktdaten angegeben werden z.B. eine Mailadresse, Telefonnummer oder postalische Anschrift)\u003C\/p\u003E \u003Ch2\u003E\u00dcberwachungsstelle f\u00fcr barrierefreie Informationstechnik des Landes Nordrhein-Westfalen\u003C\/h2\u003E \u003Cp\u003EDie\u00a0\u003Ca title=\u0022\u00dcberwachungsstelle f\u00fcr barrierefreie Informationstechnik des Landes Nordrhein-Westfalen\u0022 href=\u0022http:\/\/www.mags.nrw\/ueberwachungsstelle-barrierefreie-informationstechnik\u0022\u003E\u00dcberwachungsstelle f\u00fcr barrierefreie Informationstechnik des Landes Nordrhein-Westfalen\u003C\/a\u003E\u00a0pr\u00fcft regelm\u00e4\u00dfig, ob und inwiefern Internetseiten und mobile Anwendungen \u00f6ffentlicher Stellen des Landes den Anforderungen an die Barrierefreiheit gen\u00fcgen.\u003Cbr \/\u003EZiel der Arbeit der \u00dcberwachungsstelle ist es, die Einhaltung der Anforderungen an die barrierefreie Informationstechnik sicherzustellen und f\u00fcr eine fl\u00e4chendeckende Umsetzung der gesetzlichen Regelungen zu sorgen.\u003Cbr \/\u003EEine E-Mail an die \u00dcberwachungsstelle k\u00f6nnen Sie an die E-Mail-Adresse\u00a0\u003Ca title=\u0022Link \u00f6ffnet im neuen Tab oder Fenster\u0022 href=\u0022mailto:ueberwachungsstelle-nrw@it.nrw.de\u0022\u003Eueberwachungsstelle-nrw@it.nrw.de\u003C\/a\u003E\u00a0senden.\u003C\/p\u003E \u003Cp\u003E\u00a0\u003C\/p\u003E \u003Ch2\u003EOmbudsstelle f\u00fcr barrierefreie Informationstechnik des Landes Nordrhein-Westfalen\u003C\/h2\u003E \u003Cp\u003ESollten Sie auf Mitteilungen oder Anfragen zur barrierefreien Informationstechnik dieser Internetseite keine zufriedenstellende Antwort erhalten, k\u00f6nnen Sie die\u00a0\u003Ca title=\u0022Ombudsstelle f\u00fcr barrierefreie Informationstechnik NRW\u0022 href=\u0022http:\/\/www.mags.nrw\/ombudsstelle-barrierefreie-informationstechnik\u0022\u003EOmbudsstelle f\u00fcr barrierefreie Informationstechnik des Landes Nordrhein-Westfalen\u003C\/a\u003E\u00a0einschalten. Die Ombudsstelle ist der Beauftragten f\u00fcr die Belange der Menschen mit Behinderung zugeordnet und in \u00a7\u00a7 10d, 10e BGG NRW und \u00a7\u00a7 9 ff der BITV NRW gesetzlich verankert.\u003Cbr \/\u003EUnter Einbeziehung aller Beteiligten versucht die Ombudsstelle, die Umst\u00e4nde der fehlenden Barrierefreiheit zu ermitteln, damit der Tr\u00e4ger diese beheben kann. Sie ist der oder dem Beauftragten f\u00fcr die Belange der Menschen mit Behinderung nach \u00a7 11 des Behindertengleichstellungsgesetzes Nordrhein-Westfalen zugeordnet.\u003Cbr \/\u003E\u003Ca href=\u0022mailto:ombudsstelle-barrierefreie-it@mags.nrw.de?subject=Anfrage%20zum%20Thema%20Barrierefreiheit%20%C3%BCber%20mags.nrw\u0022\u003EE-Mail an die Ombudsstelle f\u00fcr barrierefreie Informationstechnik des Landes Nordrhein-Westfalen senden.\u003C\/a\u003E\u003Cbr \/\u003ETelefonisch ist die Ombudsstelle f\u00fcr barrierefreie Informationstechnik des Landes Nordrhein-Westfalen unter folgender Rufnummer zu erreichen: 0211 \/ 855-3451.\u003C\/p\u003E"},{"text_id":"dynamische_frontend_texte.shared.button.back","text_value":"Zur\u00fcck"},{"text_id":"dynamische_frontend_texte.shared.button.next","text_value":"Weiter"}],"meta_data":[]}